{"id":25892,"date":"2025-06-24T00:00:00","date_gmt":"2025-06-23T22:00:00","guid":{"rendered":"https:\/\/scheer-pas.com\/en\/blog\/article\/am-ende-ging-es-nur-um-prozesse-scheer-pas-und-all-about-process-management-summit-2024-5\/"},"modified":"2025-06-24T00:00:00","modified_gmt":"2025-06-23T22:00:00","slug":"am-ende-ging-es-nur-um-prozesse-scheer-pas-und-all-about-process-management-summit-2024-5","status":"publish","type":"post_type_article","link":"https:\/\/scheer-pas.com\/en\/blog\/article\/am-ende-ging-es-nur-um-prozesse-scheer-pas-und-all-about-process-management-summit-2024-5\/","title":{"rendered":"Am Ende ging es nur um Prozesse! | Scheer PAS und All About Process Management Summit 2024\/5"},"content":{"rendered":"\n<p>Wenn es ein wachsendes Interesse an einer j\u00e4hrlichen Konferenz gibt, die Menschen in England zusammenbringt, um einen H\u00fcgel hinunterzurollen, warum sollte es dann nicht auch eine Konferenz f\u00fcr Gesch\u00e4ftsleute geben, die ihre Gesch\u00e4ftsprozesse verbessern wollen? Das liegt daran, dass sich viele Unternehmen nicht auf ihre Gesch\u00e4ftsprozesse zu konzentrieren scheinen und nicht einmal erkennen, dass die Herausforderungen, mit denen sie konfrontiert sind, tief in ihrer Prozessorchestrierung verborgen liegen. Es dreht sich alles um Technologie, Digitalisierung, IT-Systeme und nat\u00fcrlich 2025&#8230; KI.<\/p>\n\n\n<div class=\"wp-block-image\">\n<figure class=\"aligncenter size-full\"><img decoding=\"async\" src=\"https:\/\/scheer-pas.com\/wp-content\/uploads\/2025\/06\/image-7.jpeg\" alt=\"\" class=\"wp-image-33771\"\/><\/figure>\n<\/div>\n\n\n<h2 class=\"wp-block-heading\" id=\"h-blick-von-oben-nach-unten\">Blick von oben nach unten<\/h2>\n\n\n<div class=\"wp-block-image\">\n<figure class=\"aligncenter size-full\"><img decoding=\"async\" src=\"https:\/\/scheer-pas.com\/wp-content\/uploads\/2025\/06\/image-4.jpeg\" alt=\"\" class=\"wp-image-33768\"\/><\/figure>\n<\/div>\n\n\n<p>Ein Unternehmen im Jahr 2025 zu f\u00fchren oder zu leiten und dabei zu h\u00f6ren, welche Technologien eingef\u00fchrt werden, bietet einen sehr guten und klaren Blick von oben auf die Branche, in der das Unternehmen t\u00e4tig ist. Mit der Konkurrenz Schritt zu halten, scheint, zumindest aus dieser Sicht, ein Wettlauf um die neueste und beste Technologie zu sein, um sich im \u00fcbertragenen Sinne \u00fcber Wasser zu halten. Aber wenn man nur auf der Spitze des IT-Stapels eines Unternehmens steht, verdeckt man die darunter liegenden Probleme, die im grundlegenden Gesch\u00e4ftsmodell oder einem damit verbundenen Prozess begr\u00fcndet sein k\u00f6nnten.<\/p>\n\n\n\n<p>Neue Technologien und Systeme an die Wand zu werfen und zu sehen, ob etwas h\u00e4ngen bleibt, wird immer unbest\u00e4ndiger, da viele Branchen angesichts der politischen Ereignisse heutzutage h\u00f6here Vorsichtsma\u00dfnahmen ergreifen. Leider kollidiert die klassische Art der Unternehmensf\u00fchrung oft mit der &#8220;modernen Art&#8221; der Einf\u00fchrung neuer IT-Stacks, um sie zu verbessern. Es muss einen Weg geben, damit diese beiden &#8220;unterschiedlichen Welten&#8221; eine gemeinsame Basis finden und die Quelle der entstehenden Herausforderungen finden. Die Messe Stuttgart hat erkannt, dass ein effizientes Prozessmanagement der wichtigste Erfolgsfaktor f\u00fcr jedes Unternehmen ist, um wettbewerbsf\u00e4hig zu bleiben.<\/p>\n\n\n\n<h2 class=\"wp-block-heading\" id=\"h-business-und-it-in-harmonie\">Business und IT in Harmonie<\/h2>\n\n\n<div class=\"wp-block-image\">\n<figure class=\"aligncenter size-full\"><img decoding=\"async\" src=\"https:\/\/scheer-pas.com\/wp-content\/uploads\/2025\/06\/image-5.jpeg\" alt=\"\" class=\"wp-image-33769\"\/><\/figure>\n<\/div>\n\n\n<p>Nat\u00fcrlich w\u00e4re es t\u00f6richt zu glauben, dass moderne Unternehmen keine neuen Technologien und Systeme ben\u00f6tigen, da sich in der Welt nur im letzten Jahrzehnt viel ver\u00e4ndert hat. Dennoch kann die Grundlage eines jeden Unternehmens der blockierende Faktor f\u00fcr seine Wettbewerbsf\u00e4higkeit sein. Die Messe Stuttgart hat erkannt, dass die Zusammenf\u00fchrung von Prozessmanagement-Experten und -Managern der richtige Weg ist, um Wissen auszutauschen, Erkenntnisse zu gewinnen und auf einfachere Weise zu lernen, wie man die Fallstricke der Branchenriesen im Bereich des Prozessmanagements vermeidet.<\/p>\n\n\n<div class=\"wp-block-image\">\n<figure class=\"aligncenter size-full\"><img decoding=\"async\" src=\"https:\/\/scheer-pas.com\/wp-content\/uploads\/2025\/06\/image-6.jpeg\" alt=\"\" class=\"wp-image-33770\"\/><\/figure>\n<\/div>\n\n\n<p>Daher wurde die &#8220;All about Process Management&#8221; ins Leben gerufen und ist bereits eine einzigartige Konferenz in Deutschland, auf der eine Vielzahl von Softwareanbietern und Beratungsunternehmen ihr Wissen austauschen. Als Plattform, die Unternehmen bei der Orchestrierung ihrer Gesch\u00e4ftsprozesse und der Integration ihrer IT-L\u00f6sungen durch einen prozessorientierten Ansatz unterst\u00fctzen will, freut sich Scheer PAS, seine R\u00fcckkehr zur All about Process Management 2025 anzuk\u00fcndigen, die am 24. und 25. September in der Messe Stuttgart stattfindet. Dieses Mal wird es einen gr\u00f6\u00dferen Stand geben (um der gestiegenen Nachfrage nach Demos, Fallstudien und Whitepapers gerecht zu werden) und noch mehr besondere Leckerbissen f\u00fcr die Besucher. Au\u00dferdem arbeitet Scheer PAS gemeinsam mit den Veranstaltern an einer exklusiven \u00dcberraschung &#8211; Details folgen in K\u00fcrze! Abonnieren Sie unseren Newsletter, um auf dem Laufenden zu bleiben.<\/p>\n\n\n\n<p>Wenn sich Tausende versammeln, um K\u00e4se einen Berg hinunter zu jagen, warum sollten dann nicht auch Unternehmen zusammenkommen, um die Prozessorchestrierung zu meistern und die Wurzel ihrer Probleme zu finden? Der All About Process Management Summit ist perfekt daf\u00fcr geeignet, und Scheer PAS ist stolz darauf, ein Teil davon zu sein &#8211; und Unternehmen dabei zu helfen, dem Chaos von Online-Recherchen und ineffizienten Workflows ein f\u00fcr alle Mal zu entkommen. Wir sehen uns auf der AAPM 2025!<\/p>\n\n\n\n<figure class=\"wp-block-embed is-type-video is-provider-youtube wp-block-embed-youtube wp-embed-aspect-16-9 wp-has-aspect-ratio\"><div class=\"wp-block-embed__wrapper\">\n<iframe title=\"Ein Toyota Neuwagen in 8 Wochen statt 8 Monaten? Geht das? - All About Process Management 2024\" width=\"500\" height=\"281\" data-cookieconsent=\"marketing\" data-src=\"https:\/\/www.youtube.com\/embed\/QAvnUN51kCA?feature=oembed\" frameborder=\"0\" allow=\"accelerometer; autoplay; clipboard-write; encrypted-media; gyroscope; picture-in-picture; web-share\" referrerpolicy=\"strict-origin-when-cross-origin\" allowfullscreen><\/iframe><div class=\"cookieconsent-optout-marketing\">Please accept <a href=\"javascript:Cookiebot.renew()\">marketing<\/a> cookies to watch this video.<\/div>\n<\/div><\/figure>\n","protected":false},"excerpt":{"rendered":"<p>Wenn es ein wachsendes Interesse an einer j\u00e4hrlichen Konferenz gibt, die Menschen in England zusammenbringt, um einen H\u00fcgel hinunterzurollen, warum sollte es dann nicht auch eine Konferenz f\u00fcr Gesch\u00e4ftsleute geben, die ihre Gesch\u00e4ftsprozesse verbessern wollen? Das liegt daran, dass sich viele Unternehmen nicht auf ihre Gesch\u00e4ftsprozesse zu konzentrieren scheinen und nicht einmal erkennen, dass die [&hellip;]<\/p>\n","protected":false},"featured_media":25893,"template":"","class_list":["post-25892","post_type_article","type-post_type_article","status-publish","has-post-thumbnail","hentry"],"acf":[],"yoast_head":"<!-- This site is optimized with the Yoast SEO plugin v27.4 - https:\/\/yoast.com\/product\/yoast-seo-wordpress\/ -->\n<title>Am Ende ging es nur um Prozesse! | Scheer PAS und All About Process Management Summit 2024\/5 - Scheer PAS<\/title>\n<meta name=\"robots\" content=\"index, follow, max-snippet:-1, max-image-preview:large, max-video-preview:-1\" \/>\n<link rel=\"canonical\" href=\"https:\/\/scheer-pas.com\/blog\/article\/am-ende-ging-es-nur-um-prozesse-scheer-pas-und-all-about-process-management-summit-2024-5\/\" \/>\n<meta property=\"og:locale\" content=\"en_GB\" \/>\n<meta property=\"og:type\" content=\"article\" \/>\n<meta property=\"og:title\" content=\"Am Ende ging es nur um Prozesse! | Scheer PAS und All About Process Management Summit 2024\/5 - Scheer PAS\" \/>\n<meta property=\"og:description\" content=\"Wenn es ein wachsendes Interesse an einer j\u00e4hrlichen Konferenz gibt, die Menschen in England zusammenbringt, um einen H\u00fcgel hinunterzurollen, warum sollte es dann nicht auch eine Konferenz f\u00fcr Gesch\u00e4ftsleute geben, die ihre Gesch\u00e4ftsprozesse verbessern wollen? Das liegt daran, dass sich viele Unternehmen nicht auf ihre Gesch\u00e4ftsprozesse zu konzentrieren scheinen und nicht einmal erkennen, dass die [&hellip;]\" \/>\n<meta property=\"og:url\" content=\"https:\/\/scheer-pas.com\/blog\/article\/am-ende-ging-es-nur-um-prozesse-scheer-pas-und-all-about-process-management-summit-2024-5\/\" \/>\n<meta property=\"og:site_name\" content=\"Scheer PAS\" \/>\n<meta property=\"og:image\" content=\"https:\/\/scheer-pas.com\/wp-content\/uploads\/2026\/04\/Light-mode-4-scaled-1.webp\" \/>\n\t<meta property=\"og:image:width\" content=\"2560\" \/>\n\t<meta property=\"og:image:height\" content=\"1332\" \/>\n\t<meta property=\"og:image:type\" content=\"image\/webp\" \/>\n<meta name=\"twitter:card\" content=\"summary_large_image\" \/>\n<meta name=\"twitter:label1\" content=\"Estimated reading time\" \/>\n\t<meta name=\"twitter:data1\" content=\"3 minutes\" \/>\n<script type=\"application\/ld+json\" class=\"yoast-schema-graph\">{\"@context\":\"https:\\\/\\\/schema.org\",\"@graph\":[{\"@type\":\"WebPage\",\"@id\":\"https:\\\/\\\/scheer-pas.com\\\/blog\\\/article\\\/am-ende-ging-es-nur-um-prozesse-scheer-pas-und-all-about-process-management-summit-2024-5\\\/\",\"url\":\"https:\\\/\\\/scheer-pas.com\\\/blog\\\/article\\\/am-ende-ging-es-nur-um-prozesse-scheer-pas-und-all-about-process-management-summit-2024-5\\\/\",\"name\":\"Am Ende ging es nur um Prozesse! | Scheer PAS und All About Process Management Summit 2024\\\/5 - Scheer PAS\",\"isPartOf\":{\"@id\":\"https:\\\/\\\/scheer-pas.com\\\/en\\\/#website\"},\"primaryImageOfPage\":{\"@id\":\"https:\\\/\\\/scheer-pas.com\\\/blog\\\/article\\\/am-ende-ging-es-nur-um-prozesse-scheer-pas-und-all-about-process-management-summit-2024-5\\\/#primaryimage\"},\"image\":{\"@id\":\"https:\\\/\\\/scheer-pas.com\\\/blog\\\/article\\\/am-ende-ging-es-nur-um-prozesse-scheer-pas-und-all-about-process-management-summit-2024-5\\\/#primaryimage\"},\"thumbnailUrl\":\"https:\\\/\\\/scheer-pas.com\\\/en\\\/wp-content\\\/uploads\\\/2026\\\/04\\\/Light-mode-4-scaled-1.webp\",\"datePublished\":\"2025-06-23T22:00:00+00:00\",\"breadcrumb\":{\"@id\":\"https:\\\/\\\/scheer-pas.com\\\/blog\\\/article\\\/am-ende-ging-es-nur-um-prozesse-scheer-pas-und-all-about-process-management-summit-2024-5\\\/#breadcrumb\"},\"inLanguage\":\"en-GB\",\"potentialAction\":[{\"@type\":\"ReadAction\",\"target\":[\"https:\\\/\\\/scheer-pas.com\\\/blog\\\/article\\\/am-ende-ging-es-nur-um-prozesse-scheer-pas-und-all-about-process-management-summit-2024-5\\\/\"]}]},{\"@type\":\"ImageObject\",\"inLanguage\":\"en-GB\",\"@id\":\"https:\\\/\\\/scheer-pas.com\\\/blog\\\/article\\\/am-ende-ging-es-nur-um-prozesse-scheer-pas-und-all-about-process-management-summit-2024-5\\\/#primaryimage\",\"url\":\"https:\\\/\\\/scheer-pas.com\\\/en\\\/wp-content\\\/uploads\\\/2026\\\/04\\\/Light-mode-4-scaled-1.webp\",\"contentUrl\":\"https:\\\/\\\/scheer-pas.com\\\/en\\\/wp-content\\\/uploads\\\/2026\\\/04\\\/Light-mode-4-scaled-1.webp\",\"width\":2560,\"height\":1332},{\"@type\":\"BreadcrumbList\",\"@id\":\"https:\\\/\\\/scheer-pas.com\\\/blog\\\/article\\\/am-ende-ging-es-nur-um-prozesse-scheer-pas-und-all-about-process-management-summit-2024-5\\\/#breadcrumb\",\"itemListElement\":[{\"@type\":\"ListItem\",\"position\":1,\"name\":\"Home\",\"item\":\"https:\\\/\\\/scheer-pas.com\\\/en\\\/\"},{\"@type\":\"ListItem\",\"position\":2,\"name\":\"Articles\",\"item\":\"https:\\\/\\\/scheer-pas.com\\\/blog\\\/article\\\/\"},{\"@type\":\"ListItem\",\"position\":3,\"name\":\"Am Ende ging es nur um Prozesse! | Scheer PAS und All About Process Management Summit 2024\\\/5\"}]},{\"@type\":\"WebSite\",\"@id\":\"https:\\\/\\\/scheer-pas.com\\\/en\\\/#website\",\"url\":\"https:\\\/\\\/scheer-pas.com\\\/en\\\/\",\"name\":\"Scheer PAS\",\"description\":\"Agentic Process Orchestration\",\"potentialAction\":[{\"@type\":\"SearchAction\",\"target\":{\"@type\":\"EntryPoint\",\"urlTemplate\":\"https:\\\/\\\/scheer-pas.com\\\/en\\\/?s={search_term_string}\"},\"query-input\":{\"@type\":\"PropertyValueSpecification\",\"valueRequired\":true,\"valueName\":\"search_term_string\"}}],\"inLanguage\":\"en-GB\"}]}<\/script>\n<!-- \/ Yoast SEO plugin. -->","yoast_head_json":{"title":"Am Ende ging es nur um Prozesse! | Scheer PAS und All About Process Management Summit 2024\/5 - Scheer PAS","robots":{"index":"index","follow":"follow","max-snippet":"max-snippet:-1","max-image-preview":"max-image-preview:large","max-video-preview":"max-video-preview:-1"},"canonical":"https:\/\/scheer-pas.com\/blog\/article\/am-ende-ging-es-nur-um-prozesse-scheer-pas-und-all-about-process-management-summit-2024-5\/","og_locale":"en_GB","og_type":"article","og_title":"Am Ende ging es nur um Prozesse! | Scheer PAS und All About Process Management Summit 2024\/5 - Scheer PAS","og_description":"Wenn es ein wachsendes Interesse an einer j\u00e4hrlichen Konferenz gibt, die Menschen in England zusammenbringt, um einen H\u00fcgel hinunterzurollen, warum sollte es dann nicht auch eine Konferenz f\u00fcr Gesch\u00e4ftsleute geben, die ihre Gesch\u00e4ftsprozesse verbessern wollen? Das liegt daran, dass sich viele Unternehmen nicht auf ihre Gesch\u00e4ftsprozesse zu konzentrieren scheinen und nicht einmal erkennen, dass die [&hellip;]","og_url":"https:\/\/scheer-pas.com\/blog\/article\/am-ende-ging-es-nur-um-prozesse-scheer-pas-und-all-about-process-management-summit-2024-5\/","og_site_name":"Scheer PAS","og_image":[{"width":2560,"height":1332,"url":"https:\/\/scheer-pas.com\/wp-content\/uploads\/2026\/04\/Light-mode-4-scaled-1.webp","type":"image\/webp"}],"twitter_card":"summary_large_image","twitter_misc":{"Estimated reading time":"3 minutes"},"schema":{"@context":"https:\/\/schema.org","@graph":[{"@type":"WebPage","@id":"https:\/\/scheer-pas.com\/blog\/article\/am-ende-ging-es-nur-um-prozesse-scheer-pas-und-all-about-process-management-summit-2024-5\/","url":"https:\/\/scheer-pas.com\/blog\/article\/am-ende-ging-es-nur-um-prozesse-scheer-pas-und-all-about-process-management-summit-2024-5\/","name":"Am Ende ging es nur um Prozesse! | Scheer PAS und All About Process Management Summit 2024\/5 - Scheer PAS","isPartOf":{"@id":"https:\/\/scheer-pas.com\/en\/#website"},"primaryImageOfPage":{"@id":"https:\/\/scheer-pas.com\/blog\/article\/am-ende-ging-es-nur-um-prozesse-scheer-pas-und-all-about-process-management-summit-2024-5\/#primaryimage"},"image":{"@id":"https:\/\/scheer-pas.com\/blog\/article\/am-ende-ging-es-nur-um-prozesse-scheer-pas-und-all-about-process-management-summit-2024-5\/#primaryimage"},"thumbnailUrl":"https:\/\/scheer-pas.com\/en\/wp-content\/uploads\/2026\/04\/Light-mode-4-scaled-1.webp","datePublished":"2025-06-23T22:00:00+00:00","breadcrumb":{"@id":"https:\/\/scheer-pas.com\/blog\/article\/am-ende-ging-es-nur-um-prozesse-scheer-pas-und-all-about-process-management-summit-2024-5\/#breadcrumb"},"inLanguage":"en-GB","potentialAction":[{"@type":"ReadAction","target":["https:\/\/scheer-pas.com\/blog\/article\/am-ende-ging-es-nur-um-prozesse-scheer-pas-und-all-about-process-management-summit-2024-5\/"]}]},{"@type":"ImageObject","inLanguage":"en-GB","@id":"https:\/\/scheer-pas.com\/blog\/article\/am-ende-ging-es-nur-um-prozesse-scheer-pas-und-all-about-process-management-summit-2024-5\/#primaryimage","url":"https:\/\/scheer-pas.com\/en\/wp-content\/uploads\/2026\/04\/Light-mode-4-scaled-1.webp","contentUrl":"https:\/\/scheer-pas.com\/en\/wp-content\/uploads\/2026\/04\/Light-mode-4-scaled-1.webp","width":2560,"height":1332},{"@type":"BreadcrumbList","@id":"https:\/\/scheer-pas.com\/blog\/article\/am-ende-ging-es-nur-um-prozesse-scheer-pas-und-all-about-process-management-summit-2024-5\/#breadcrumb","itemListElement":[{"@type":"ListItem","position":1,"name":"Home","item":"https:\/\/scheer-pas.com\/en\/"},{"@type":"ListItem","position":2,"name":"Articles","item":"https:\/\/scheer-pas.com\/blog\/article\/"},{"@type":"ListItem","position":3,"name":"Am Ende ging es nur um Prozesse! | Scheer PAS und All About Process Management Summit 2024\/5"}]},{"@type":"WebSite","@id":"https:\/\/scheer-pas.com\/en\/#website","url":"https:\/\/scheer-pas.com\/en\/","name":"Scheer PAS","description":"Agentic Process Orchestration","potentialAction":[{"@type":"SearchAction","target":{"@type":"EntryPoint","urlTemplate":"https:\/\/scheer-pas.com\/en\/?s={search_term_string}"},"query-input":{"@type":"PropertyValueSpecification","valueRequired":true,"valueName":"search_term_string"}}],"inLanguage":"en-GB"}]}},"_links":{"self":[{"href":"https:\/\/scheer-pas.com\/en\/wp-json\/wp\/v2\/post_type_article\/25892","targetHints":{"allow":["GET"]}}],"collection":[{"href":"https:\/\/scheer-pas.com\/en\/wp-json\/wp\/v2\/post_type_article"}],"about":[{"href":"https:\/\/scheer-pas.com\/en\/wp-json\/wp\/v2\/types\/post_type_article"}],"version-history":[{"count":0,"href":"https:\/\/scheer-pas.com\/en\/wp-json\/wp\/v2\/post_type_article\/25892\/revisions"}],"wp:featuredmedia":[{"embeddable":true,"href":"https:\/\/scheer-pas.com\/en\/wp-json\/wp\/v2\/media\/25893"}],"wp:attachment":[{"href":"https:\/\/scheer-pas.com\/en\/wp-json\/wp\/v2\/media?parent=25892"}],"wp:term":[{"taxonomy":"taxonomy_of_sector_articles","embeddable":true,"href":"https:\/\/scheer-pas.com\/en\/wp-json\/wp\/v2\/1?post=25892"},{"taxonomy":"taxonomy_of_product_articles","embeddable":true,"href":"https:\/\/scheer-pas.com\/en\/wp-json\/wp\/v2\/1?post=25892"},{"taxonomy":"taxonomy_of_topic_articles","embeddable":true,"href":"https:\/\/scheer-pas.com\/en\/wp-json\/wp\/v2\/1?post=25892"},{"taxonomy":"taxonomy_of_theme_articles","embeddable":true,"href":"https:\/\/scheer-pas.com\/en\/wp-json\/wp\/v2\/1?post=25892"},{"taxonomy":"taxonomy_of_main_articles","embeddable":true,"href":"https:\/\/scheer-pas.com\/en\/wp-json\/wp\/v2\/1?post=25892"}],"curies":[{"name":"wp","href":"https:\/\/api.w.org\/{rel}","templated":true}]}}