{"id":25888,"date":"2025-05-27T00:00:00","date_gmt":"2025-05-26T22:00:00","guid":{"rendered":"https:\/\/scheer-pas.com\/en\/blog\/article\/faz-prof-dr-august-wilhelm-scheer-ist-digitaler-vordenker\/"},"modified":"2025-05-27T00:00:00","modified_gmt":"2025-05-26T22:00:00","slug":"faz-prof-dr-august-wilhelm-scheer-ist-digitaler-vordenker","status":"publish","type":"post_type_article","link":"https:\/\/scheer-pas.com\/en\/blog\/article\/faz-prof-dr-august-wilhelm-scheer-ist-digitaler-vordenker\/","title":{"rendered":"FAZ: Prof. Dr. August-Wilhelm Scheer ist digitaler Vordenker\u00a0"},"content":{"rendered":"\n<p>Die <a href=\"https:\/\/www.faz.net\/aktuell\/\" target=\"_blank\" rel=\"noreferrer noopener nofollow\"><em>Frankfurter Allgemeine Zeitung<\/em><\/a> (FAZ) w\u00fcrdigt unseren Gr\u00fcnder Prof. Dr. August-Wilhelm Scheer als vision\u00e4ren Vordenker, der die digitale Zukunft Deutschlands seit Jahrzehnten pr\u00e4gt. Unter anderem hat er sich bereits vor rund f\u00fcnfzehn Jahren f\u00fcr ein Bundesdigitalministerium starkgemacht \u2013 eine Idee, die nun Wirklichkeit wird.&nbsp;<\/p>\n\n\n\n<p>Als Architekt der digitalen Transformation hat er mit der <a href=\"https:\/\/www.scheer-group.com\/de\/\">Scheer Gruppe<\/a> eine Unternehmensgruppe geschaffen, die f\u00fcr eine nachhaltige und wirksame Digitalisierung steht und als Impulsgeber agiert. Die Vision eines Digitalministeriums mit koordinierten, skalierbaren und resilienten digitalen Strukturen wird innerhalb der Gruppe bereits seit Langem erfolgreich gelebt.&nbsp;&nbsp;<\/p>\n\n\n\n<p>Die Scheer Gruppe steht so f\u00fcr umsetzungsorientierte Digitalisierung aus Deutschland, die Organisationen nicht nur effizienter, sondern zukunftsf\u00e4higer macht.&nbsp;<\/p>\n\n\n\n<p><a href=\"https:\/\/scheer-pas.com\/\">Scheer PAS<\/a> hat als Teil der Scheer Gruppe eine digitale DNA und hilft Unternehmen dabei, Anwendungen, Dienste und Daten zu verbinden, um komplexe Gesch\u00e4ftsprozesse zu automatisieren und bessere Ergebnisse zu erzielen.&nbsp;<\/p>\n\n\n\n<p><a href=\"https:\/\/www.scheer-ids.com\/de\/\"><u>Scheer IDS<\/u><\/a> innoviert, transformiert und optimiert die Prozesse von Unternehmen mit umfassender Consulting- und IT-Expertise. Und <a href=\"https:\/\/www.scheer-imc.com\/de\"><u>Scheer IMC<\/u><\/a> verbindet technologische Exzellenz und praxisorientierte Beratung, um Corporate Learning zu digitalisieren und messbaren Kundenerfolg zu erreichen.&nbsp;<\/p>\n\n\n\n<p>Prof. Dr. August-Wilhelm Scheer wird durch seine Rolle als Impulsgeber f\u00fcr die digitale Transformation zur Stimme einer neuen Generation von digitalen Gestaltern, die nicht nur Prozesse optimieren wollen, sondern Zukunft gestalten m\u00f6chten.&nbsp;<\/p>\n\n\n\n<p><strong>Mehr erfahren: <a href=\"https:\/\/www.scheer-group.com\/de\/newsroom\/news\/faz-prof-dr-august-wilhelm-scheer-digitaler-vordenker\/\">FAZ w\u00fcrdigt Prof. Dr. August-Wilhelm Scheer als digitaler Vordenker &#8211; Scheer Gruppe<\/a><\/strong><\/p>\n\n\n\n<p><\/p>\n","protected":false},"excerpt":{"rendered":"<p>Die Frankfurter Allgemeine Zeitung (FAZ) w\u00fcrdigt unseren Gr\u00fcnder Prof. Dr. August-Wilhelm Scheer als vision\u00e4ren Vordenker, der die digitale Zukunft Deutschlands seit Jahrzehnten pr\u00e4gt. Unter anderem hat er sich bereits vor rund f\u00fcnfzehn Jahren f\u00fcr ein Bundesdigitalministerium starkgemacht \u2013 eine Idee, die nun Wirklichkeit wird.&nbsp; Als Architekt der digitalen Transformation hat er mit der Scheer Gruppe [&hellip;]<\/p>\n","protected":false},"featured_media":25889,"template":"","class_list":["post-25888","post_type_article","type-post_type_article","status-publish","has-post-thumbnail","hentry"],"acf":[],"yoast_head":"<!-- This site is optimized with the Yoast SEO plugin v27.4 - https:\/\/yoast.com\/product\/yoast-seo-wordpress\/ -->\n<title>FAZ: Prof. Dr. August-Wilhelm Scheer ist digitaler Vordenker\u00a0 - Scheer PAS<\/title>\n<meta name=\"robots\" content=\"index, follow, max-snippet:-1, max-image-preview:large, max-video-preview:-1\" \/>\n<link rel=\"canonical\" href=\"https:\/\/scheer-pas.com\/blog\/article\/faz-prof-dr-august-wilhelm-scheer-ist-digitaler-vordenker\/\" \/>\n<meta property=\"og:locale\" content=\"en_GB\" \/>\n<meta property=\"og:type\" content=\"article\" \/>\n<meta property=\"og:title\" content=\"FAZ: Prof. Dr. August-Wilhelm Scheer ist digitaler Vordenker\u00a0 - Scheer PAS\" \/>\n<meta property=\"og:description\" content=\"Die Frankfurter Allgemeine Zeitung (FAZ) w\u00fcrdigt unseren Gr\u00fcnder Prof. Dr. August-Wilhelm Scheer als vision\u00e4ren Vordenker, der die digitale Zukunft Deutschlands seit Jahrzehnten pr\u00e4gt. Unter anderem hat er sich bereits vor rund f\u00fcnfzehn Jahren f\u00fcr ein Bundesdigitalministerium starkgemacht \u2013 eine Idee, die nun Wirklichkeit wird.&nbsp; Als Architekt der digitalen Transformation hat er mit der Scheer Gruppe [&hellip;]\" \/>\n<meta property=\"og:url\" content=\"https:\/\/scheer-pas.com\/blog\/article\/faz-prof-dr-august-wilhelm-scheer-ist-digitaler-vordenker\/\" \/>\n<meta property=\"og:site_name\" content=\"Scheer PAS\" \/>\n<meta property=\"og:image\" content=\"https:\/\/scheer-pas.com\/wp-content\/uploads\/2026\/04\/FAZ-Prof.-Dr.-Scheer-Digitaler-Vordenker-scaled-1.webp\" \/>\n\t<meta property=\"og:image:width\" content=\"2560\" \/>\n\t<meta property=\"og:image:height\" content=\"1332\" \/>\n\t<meta property=\"og:image:type\" content=\"image\/webp\" \/>\n<meta name=\"twitter:card\" content=\"summary_large_image\" \/>\n<meta name=\"twitter:label1\" content=\"Estimated reading time\" \/>\n\t<meta name=\"twitter:data1\" content=\"1 minute\" \/>\n<script type=\"application\/ld+json\" class=\"yoast-schema-graph\">{\"@context\":\"https:\\\/\\\/schema.org\",\"@graph\":[{\"@type\":\"WebPage\",\"@id\":\"https:\\\/\\\/scheer-pas.com\\\/blog\\\/article\\\/faz-prof-dr-august-wilhelm-scheer-ist-digitaler-vordenker\\\/\",\"url\":\"https:\\\/\\\/scheer-pas.com\\\/blog\\\/article\\\/faz-prof-dr-august-wilhelm-scheer-ist-digitaler-vordenker\\\/\",\"name\":\"FAZ: Prof. Dr. August-Wilhelm Scheer ist digitaler Vordenker\u00a0 - Scheer PAS\",\"isPartOf\":{\"@id\":\"https:\\\/\\\/scheer-pas.com\\\/en\\\/#website\"},\"primaryImageOfPage\":{\"@id\":\"https:\\\/\\\/scheer-pas.com\\\/blog\\\/article\\\/faz-prof-dr-august-wilhelm-scheer-ist-digitaler-vordenker\\\/#primaryimage\"},\"image\":{\"@id\":\"https:\\\/\\\/scheer-pas.com\\\/blog\\\/article\\\/faz-prof-dr-august-wilhelm-scheer-ist-digitaler-vordenker\\\/#primaryimage\"},\"thumbnailUrl\":\"https:\\\/\\\/scheer-pas.com\\\/en\\\/wp-content\\\/uploads\\\/2026\\\/04\\\/FAZ-Prof.-Dr.-Scheer-Digitaler-Vordenker-scaled-1.webp\",\"datePublished\":\"2025-05-26T22:00:00+00:00\",\"breadcrumb\":{\"@id\":\"https:\\\/\\\/scheer-pas.com\\\/blog\\\/article\\\/faz-prof-dr-august-wilhelm-scheer-ist-digitaler-vordenker\\\/#breadcrumb\"},\"inLanguage\":\"en-GB\",\"potentialAction\":[{\"@type\":\"ReadAction\",\"target\":[\"https:\\\/\\\/scheer-pas.com\\\/blog\\\/article\\\/faz-prof-dr-august-wilhelm-scheer-ist-digitaler-vordenker\\\/\"]}]},{\"@type\":\"ImageObject\",\"inLanguage\":\"en-GB\",\"@id\":\"https:\\\/\\\/scheer-pas.com\\\/blog\\\/article\\\/faz-prof-dr-august-wilhelm-scheer-ist-digitaler-vordenker\\\/#primaryimage\",\"url\":\"https:\\\/\\\/scheer-pas.com\\\/en\\\/wp-content\\\/uploads\\\/2026\\\/04\\\/FAZ-Prof.-Dr.-Scheer-Digitaler-Vordenker-scaled-1.webp\",\"contentUrl\":\"https:\\\/\\\/scheer-pas.com\\\/en\\\/wp-content\\\/uploads\\\/2026\\\/04\\\/FAZ-Prof.-Dr.-Scheer-Digitaler-Vordenker-scaled-1.webp\",\"width\":2560,\"height\":1332},{\"@type\":\"BreadcrumbList\",\"@id\":\"https:\\\/\\\/scheer-pas.com\\\/blog\\\/article\\\/faz-prof-dr-august-wilhelm-scheer-ist-digitaler-vordenker\\\/#breadcrumb\",\"itemListElement\":[{\"@type\":\"ListItem\",\"position\":1,\"name\":\"Home\",\"item\":\"https:\\\/\\\/scheer-pas.com\\\/en\\\/\"},{\"@type\":\"ListItem\",\"position\":2,\"name\":\"Articles\",\"item\":\"https:\\\/\\\/scheer-pas.com\\\/blog\\\/article\\\/\"},{\"@type\":\"ListItem\",\"position\":3,\"name\":\"FAZ: Prof. Dr. August-Wilhelm Scheer ist digitaler Vordenker\u00a0\"}]},{\"@type\":\"WebSite\",\"@id\":\"https:\\\/\\\/scheer-pas.com\\\/en\\\/#website\",\"url\":\"https:\\\/\\\/scheer-pas.com\\\/en\\\/\",\"name\":\"Scheer PAS\",\"description\":\"Agentic Process Orchestration\",\"potentialAction\":[{\"@type\":\"SearchAction\",\"target\":{\"@type\":\"EntryPoint\",\"urlTemplate\":\"https:\\\/\\\/scheer-pas.com\\\/en\\\/?s={search_term_string}\"},\"query-input\":{\"@type\":\"PropertyValueSpecification\",\"valueRequired\":true,\"valueName\":\"search_term_string\"}}],\"inLanguage\":\"en-GB\"}]}<\/script>\n<!-- \/ Yoast SEO plugin. -->","yoast_head_json":{"title":"FAZ: Prof. Dr. August-Wilhelm Scheer ist digitaler Vordenker\u00a0 - Scheer PAS","robots":{"index":"index","follow":"follow","max-snippet":"max-snippet:-1","max-image-preview":"max-image-preview:large","max-video-preview":"max-video-preview:-1"},"canonical":"https:\/\/scheer-pas.com\/blog\/article\/faz-prof-dr-august-wilhelm-scheer-ist-digitaler-vordenker\/","og_locale":"en_GB","og_type":"article","og_title":"FAZ: Prof. Dr. August-Wilhelm Scheer ist digitaler Vordenker\u00a0 - Scheer PAS","og_description":"Die Frankfurter Allgemeine Zeitung (FAZ) w\u00fcrdigt unseren Gr\u00fcnder Prof. Dr. August-Wilhelm Scheer als vision\u00e4ren Vordenker, der die digitale Zukunft Deutschlands seit Jahrzehnten pr\u00e4gt. Unter anderem hat er sich bereits vor rund f\u00fcnfzehn Jahren f\u00fcr ein Bundesdigitalministerium starkgemacht \u2013 eine Idee, die nun Wirklichkeit wird.&nbsp; Als Architekt der digitalen Transformation hat er mit der Scheer Gruppe [&hellip;]","og_url":"https:\/\/scheer-pas.com\/blog\/article\/faz-prof-dr-august-wilhelm-scheer-ist-digitaler-vordenker\/","og_site_name":"Scheer PAS","og_image":[{"width":2560,"height":1332,"url":"https:\/\/scheer-pas.com\/wp-content\/uploads\/2026\/04\/FAZ-Prof.-Dr.-Scheer-Digitaler-Vordenker-scaled-1.webp","type":"image\/webp"}],"twitter_card":"summary_large_image","twitter_misc":{"Estimated reading time":"1 minute"},"schema":{"@context":"https:\/\/schema.org","@graph":[{"@type":"WebPage","@id":"https:\/\/scheer-pas.com\/blog\/article\/faz-prof-dr-august-wilhelm-scheer-ist-digitaler-vordenker\/","url":"https:\/\/scheer-pas.com\/blog\/article\/faz-prof-dr-august-wilhelm-scheer-ist-digitaler-vordenker\/","name":"FAZ: Prof. Dr. August-Wilhelm Scheer ist digitaler Vordenker\u00a0 - Scheer PAS","isPartOf":{"@id":"https:\/\/scheer-pas.com\/en\/#website"},"primaryImageOfPage":{"@id":"https:\/\/scheer-pas.com\/blog\/article\/faz-prof-dr-august-wilhelm-scheer-ist-digitaler-vordenker\/#primaryimage"},"image":{"@id":"https:\/\/scheer-pas.com\/blog\/article\/faz-prof-dr-august-wilhelm-scheer-ist-digitaler-vordenker\/#primaryimage"},"thumbnailUrl":"https:\/\/scheer-pas.com\/en\/wp-content\/uploads\/2026\/04\/FAZ-Prof.-Dr.-Scheer-Digitaler-Vordenker-scaled-1.webp","datePublished":"2025-05-26T22:00:00+00:00","breadcrumb":{"@id":"https:\/\/scheer-pas.com\/blog\/article\/faz-prof-dr-august-wilhelm-scheer-ist-digitaler-vordenker\/#breadcrumb"},"inLanguage":"en-GB","potentialAction":[{"@type":"ReadAction","target":["https:\/\/scheer-pas.com\/blog\/article\/faz-prof-dr-august-wilhelm-scheer-ist-digitaler-vordenker\/"]}]},{"@type":"ImageObject","inLanguage":"en-GB","@id":"https:\/\/scheer-pas.com\/blog\/article\/faz-prof-dr-august-wilhelm-scheer-ist-digitaler-vordenker\/#primaryimage","url":"https:\/\/scheer-pas.com\/en\/wp-content\/uploads\/2026\/04\/FAZ-Prof.-Dr.-Scheer-Digitaler-Vordenker-scaled-1.webp","contentUrl":"https:\/\/scheer-pas.com\/en\/wp-content\/uploads\/2026\/04\/FAZ-Prof.-Dr.-Scheer-Digitaler-Vordenker-scaled-1.webp","width":2560,"height":1332},{"@type":"BreadcrumbList","@id":"https:\/\/scheer-pas.com\/blog\/article\/faz-prof-dr-august-wilhelm-scheer-ist-digitaler-vordenker\/#breadcrumb","itemListElement":[{"@type":"ListItem","position":1,"name":"Home","item":"https:\/\/scheer-pas.com\/en\/"},{"@type":"ListItem","position":2,"name":"Articles","item":"https:\/\/scheer-pas.com\/blog\/article\/"},{"@type":"ListItem","position":3,"name":"FAZ: Prof. Dr. August-Wilhelm Scheer ist digitaler Vordenker\u00a0"}]},{"@type":"WebSite","@id":"https:\/\/scheer-pas.com\/en\/#website","url":"https:\/\/scheer-pas.com\/en\/","name":"Scheer PAS","description":"Agentic Process Orchestration","potentialAction":[{"@type":"SearchAction","target":{"@type":"EntryPoint","urlTemplate":"https:\/\/scheer-pas.com\/en\/?s={search_term_string}"},"query-input":{"@type":"PropertyValueSpecification","valueRequired":true,"valueName":"search_term_string"}}],"inLanguage":"en-GB"}]}},"_links":{"self":[{"href":"https:\/\/scheer-pas.com\/en\/wp-json\/wp\/v2\/post_type_article\/25888","targetHints":{"allow":["GET"]}}],"collection":[{"href":"https:\/\/scheer-pas.com\/en\/wp-json\/wp\/v2\/post_type_article"}],"about":[{"href":"https:\/\/scheer-pas.com\/en\/wp-json\/wp\/v2\/types\/post_type_article"}],"version-history":[{"count":0,"href":"https:\/\/scheer-pas.com\/en\/wp-json\/wp\/v2\/post_type_article\/25888\/revisions"}],"wp:featuredmedia":[{"embeddable":true,"href":"https:\/\/scheer-pas.com\/en\/wp-json\/wp\/v2\/media\/25889"}],"wp:attachment":[{"href":"https:\/\/scheer-pas.com\/en\/wp-json\/wp\/v2\/media?parent=25888"}],"wp:term":[{"taxonomy":"taxonomy_of_sector_articles","embeddable":true,"href":"https:\/\/scheer-pas.com\/en\/wp-json\/wp\/v2\/1?post=25888"},{"taxonomy":"taxonomy_of_product_articles","embeddable":true,"href":"https:\/\/scheer-pas.com\/en\/wp-json\/wp\/v2\/1?post=25888"},{"taxonomy":"taxonomy_of_topic_articles","embeddable":true,"href":"https:\/\/scheer-pas.com\/en\/wp-json\/wp\/v2\/1?post=25888"},{"taxonomy":"taxonomy_of_theme_articles","embeddable":true,"href":"https:\/\/scheer-pas.com\/en\/wp-json\/wp\/v2\/1?post=25888"},{"taxonomy":"taxonomy_of_main_articles","embeddable":true,"href":"https:\/\/scheer-pas.com\/en\/wp-json\/wp\/v2\/1?post=25888"}],"curies":[{"name":"wp","href":"https:\/\/api.w.org\/{rel}","templated":true}]}}